{"id":4340,"date":"2024-12-11T11:24:19","date_gmt":"2024-12-11T14:24:19","guid":{"rendered":"https:\/\/fainweb.uncoma.edu.ar\/?p=4340"},"modified":"2024-12-11T11:54:53","modified_gmt":"2024-12-11T14:54:53","slug":"proyectos","status":"publish","type":"post","link":"https:\/\/fainweb.uncoma.edu.ar\/index.php\/extension\/proyectos\/","title":{"rendered":"Proyectos"},"content":{"rendered":"<p>30 A\u00f1os de Autonom\u00eda Universitaria &#8211; Proyectos de Extensi\u00f3n Universitaria Aprobados para el 2025<\/p>\n<p><em><a href=\"http:\/\/fainweb.uncoma.edu.ar\/wp-content\/uploads\/2024\/12\/Ord-0766-24-Proyectos-Extension-2024.pdf\">Ord 0766-24 Proyectos Extensi\u00f3n 2024<\/a><\/em><\/p>\n<p><strong>Facultad de Ingenier\u00eda:<\/strong><\/p>\n<p>Proyecto: <strong>\u201cPuentes\u201d Proyecto de articulaci\u00f3n entre el nivel secundario y el nivel universitario\u201d<\/strong><br \/>\nDirectora: Fernanda HOFFMAN<br \/>\nCo-Directora: Sof\u00eda Soledad SARRAF<br \/>\nDuraci\u00f3n: 12 meses<br \/>\nObjetivo General: Articular los niveles universitario y secundario, desde una perspectiva de g\u00e9nero, en pos de que estudiantes destinatarios\/as del proyecto puedan construir proyectos de vida que incluyan al ser \u201cuniversitario\/a\u201d como posibilidad. Acercar la brecha internivel a partir de una aproximaci\u00f3n de la universidad a la escuela, y la escuela a la universidad. Ofrecer instancias de orientaci\u00f3n vocacional y acad\u00e9mica en clave de perspectiva de g\u00e9nero. Dar a conocer la oferta acad\u00e9mica de la FaIn.<\/p>\n<p>Proyecto:<strong> \u00abPetr\u00f3leo y gas. Desde su origen a su explotaci\u00f3n, una historia a recorrer juntos.\u201d<\/strong><br \/>\nDirector: Sergio Alberto ABRIGO DNI<br \/>\nCo-Directora: Malvina Leonor FRIGERIO DNI<br \/>\nDuraci\u00f3n: 12 meses<br \/>\nObjetivo General: Como objetivo primario se pretende realizar divulgaci\u00f3n en territorio y desmitificar la actividad asociada a la exploraci\u00f3n y explotaci\u00f3n de los hidrocarburos; y promoci\u00f3n de vocaciones cient\u00edficas y t\u00e9cnicas en estudiantes de los \u00faltimos a\u00f1os de las escuelas primarias y secundarias de la regi\u00f3n. Con fundamental atenci\u00f3n en los ejes de ambiente, territorio, culturas, interculturalidad, g\u00e9nero, diversidad y promoci\u00f3n de las vocaciones cient\u00edficas y t\u00e9cnicas hacia las vocaciones STEM (Ciencia, Tecnolog\u00eda, Ingenier\u00eda y Matem\u00e1tica).<\/p>\n<p><strong>Proyecto: \u00abEducando en sostenibilidad: pol\u00edmeros compostables, compost y peloterapia\u201d<\/strong><br \/>\nDirectora: Micaela Andrea S\u00c1NCHEZ<br \/>\nCo-Directora: \u00c1ngela Andrea MAGGIO<br \/>\nDuraci\u00f3n: 12 meses<br \/>\nObjetivo General: Este proyecto propone evaluar la factibilidad de sustituir el polietileno por un pol\u00edmero compostable, tal como el \u00e1cido polil\u00e1ctico u otros que se encuentren disponibles en el mercado. El avance del proceso de degradaci\u00f3n y los tiempos requeridos para lograrlo, ser\u00e1n evaluados en compost elaborados en instituciones escolares y organizaciones de la provincia de Neuqu\u00e9n. A partir de este enfoque, se pretende fomentar una mayor conciencia ambiental a trav\u00e9s de un abordaje interdisciplinario que involucre tanto la educaci\u00f3n ambiental como el an\u00e1lisis t\u00e9cnico de materiales biodegradables.<\/p>\n<p><strong>Proyecto: \u201cAprendizaje colectivo: c\u00edrculos de interacci\u00f3n para el desarrollo de un grupo de pymes de A\u00f1elo.\u201d<\/strong><br \/>\nDirector: Luciano Osvaldo COPPIS MACIAS<br \/>\nCo-Director: Juan Manuel RUBINO<br \/>\nDuraci\u00f3n: 12 meses<br \/>\nObjetivo General: Contribuir al fortalecimiento de la capacidad de gesti\u00f3n y competitividad de un grupo de peque\u00f1as y medianas empresas (PyMEs) de la localidad de A\u00f1elo.<\/p>\n<p><strong>Proyecto: \u00abCentrales de acumulaci\u00f3n por bombeo: una propuesta para contribuir a garantizar los usos del agua para riego y agua potable en el Comahue\u201d<\/strong><br \/>\nDirectora: Ver\u00f3nica Emilce HERRERO CAPITANICH DNI<br \/>\nCo-Directora: Ana Selva MARTINEZ DNI<br \/>\nDuraci\u00f3n: 12 meses<br \/>\nObjetivo General: Detectar potencialidades en el aumento de las reservas h\u00eddricas para incrementar las \u00e1reas irrigadas y\/o garantizar las existentes en riesgo por efecto del cambio clim\u00e1tico. Aumentar la capacidad de generaci\u00f3n de las centrales hidroel\u00e9ctricas existentes con el tipo de funcionamiento \u201cbimodal\u201d (Bombeo-Turbinado), incrementando sus factores de utilizaci\u00f3n. Contribuir al conocimiento y desarrollo de herramientas que permitan incrementar las reservas hidr\u00e1ulicas en el sistema, para lograr un aprovechamiento m\u00e1s eficiente del recurso h\u00eddrico disponible, a trav\u00e9s de la acumulaci\u00f3n por bombeo.<\/p>\n<p><strong>Proyecto: \u201cExploradores de la ciencia: experimentos divertidos para ni\u00f1os curiosos\u201d<\/strong><br \/>\nDirectora: Betina Rocio GRAMISCI<br \/>\nCo-Directora: Roxana Bel\u00e9n ALVIAN YA\u00d1EZ<br \/>\nDuraci\u00f3n: 12 meses<br \/>\nObjetivo General: Proporcionar a los ni\u00f1os menores de 10 a\u00f1os herramientas y actividades cient\u00edficas sencillas, que incentiven su curiosidad natural y fomenten un inter\u00e9s temprano por la ciencia.<\/p>\n<p><strong>Proyecto: \u201cProyecto Dino en la escuela: aprendiendo de geolog\u00eda y paleontolog\u00eda de la cuenca Neuquina\u201d<\/strong><br \/>\nDirectora: Laura Sonia del Carmen \u00c1VILA<br \/>\nCo-Director: Gian Marco MAVO MANSTRETTA<br \/>\nDuraci\u00f3n: 12 meses<br \/>\nObjetivo General: El objetivo principal de este proyecto de extensi\u00f3n universitaria es promover el conocimiento de la geolog\u00eda y paleontolog\u00eda de la Cuenca Neuquina, a todos los niveles educativos de Neuqu\u00e9n, incentivando las vocaciones cient\u00edficas y vinculando la universidad con la escuela, para desarrollar estas tem\u00e1ticas en los dise\u00f1os curriculares \u00e1ulicos y lograr as\u00ed la valoraci\u00f3n del patrimonio cultural y paleontol\u00f3gico de la provincia de Neuqu\u00e9n.<\/p>\n","protected":false},"excerpt":{"rendered":"<p>30 A\u00f1os de Autonom\u00eda Universitaria &#8211; Proyectos de Extensi\u00f3n Universitaria  [&#8230;]<\/p>\n","protected":false},"author":13,"featured_media":4345,"comment_status":"closed","ping_status":"closed","sticky":false,"template":"","format":"standard","meta":{"_acf_changed":false,"footnotes":""},"categories":[18],"tags":[],"class_list":["post-4340","post","type-post","status-publish","format-standard","has-post-thumbnail","hentry","category-extension"],"acf":[],"_links":{"self":[{"href":"https:\/\/fainweb.uncoma.edu.ar\/index.php\/wp-json\/wp\/v2\/posts\/4340","targetHints":{"allow":["GET"]}}],"collection":[{"href":"https:\/\/fainweb.uncoma.edu.ar\/index.php\/wp-json\/wp\/v2\/posts"}],"about":[{"href":"https:\/\/fainweb.uncoma.edu.ar\/index.php\/wp-json\/wp\/v2\/types\/post"}],"author":[{"embeddable":true,"href":"https:\/\/fainweb.uncoma.edu.ar\/index.php\/wp-json\/wp\/v2\/users\/13"}],"replies":[{"embeddable":true,"href":"https:\/\/fainweb.uncoma.edu.ar\/index.php\/wp-json\/wp\/v2\/comments?post=4340"}],"version-history":[{"count":1,"href":"https:\/\/fainweb.uncoma.edu.ar\/index.php\/wp-json\/wp\/v2\/posts\/4340\/revisions"}],"predecessor-version":[{"id":4342,"href":"https:\/\/fainweb.uncoma.edu.ar\/index.php\/wp-json\/wp\/v2\/posts\/4340\/revisions\/4342"}],"wp:featuredmedia":[{"embeddable":true,"href":"https:\/\/fainweb.uncoma.edu.ar\/index.php\/wp-json\/wp\/v2\/media\/4345"}],"wp:attachment":[{"href":"https:\/\/fainweb.uncoma.edu.ar\/index.php\/wp-json\/wp\/v2\/media?parent=4340"}],"wp:term":[{"taxonomy":"category","embeddable":true,"href":"https:\/\/fainweb.uncoma.edu.ar\/index.php\/wp-json\/wp\/v2\/categories?post=4340"},{"taxonomy":"post_tag","embeddable":true,"href":"https:\/\/fainweb.uncoma.edu.ar\/index.php\/wp-json\/wp\/v2\/tags?post=4340"}],"curies":[{"name":"wp","href":"https:\/\/api.w.org\/{rel}","templated":true}]}}